{"id":8028,"date":"2024-05-28T15:52:53","date_gmt":"2024-05-28T19:52:53","guid":{"rendered":"https:\/\/municipalitedefranklin.ca\/rappel-collecte-dobjets-volumineux-ce-jeudi-30-mai\/"},"modified":"2024-07-04T19:56:45","modified_gmt":"2024-07-04T23:56:45","slug":"rappel-collecte-dobjets-volumineux-ce-jeudi-30-mai","status":"publish","type":"post","link":"https:\/\/municipalitedefranklin.ca\/en\/rappel-collecte-dobjets-volumineux-ce-jeudi-30-mai\/","title":{"rendered":"RAPPEL: Collecte d&#8217;objets volumineux ce jeudi 30 mai"},"content":{"rendered":"\n<p>Une collecte d\u2019objets volumineux a lieu ce jeudi 30 mai, avec la cueillette r\u00e9guli\u00e8re de la semaine. Les mati\u00e8res volumineuses comprennent les objets d\u2019usages domestiques, les articles ou appareils m\u00e9nagers dont les r\u00e9sidents d\u00e9sirent se d\u00e9partir. Veuillez d\u00e9poser vos volumineux \u00e0 c\u00f4t\u00e9 de votre bac \u00e0 ordures afin qu\u2019ils soient visibles et ramass\u00e9s par le fournisseur.<\/p>\n\n<p>\u27a1\ufe0f Mati\u00e8res accept\u00e9es:<\/p>\n\n<p>\u2705 Appareils m\u00e9nagers (aspirateur, micro-ondes)<\/p>\n\n<p>\u2705 Bains (acrylique ou fibre de verre), \u00e9vier, toilette<\/p>\n\n<p>\u2705 Barbecue (sans bonbonne de gaz comprim\u00e9)<\/p>\n\n<p>\u2705 Boyaux d&#8217;arrosage<\/p>\n\n<p>\u2705 \u00c9lectrom\u00e9nagers (frigidaire doive \u00eatre vid\u00e9 d\u2019halocarbure identifi\u00e9)<\/p>\n\n<p>\u2705 Filtres de piscine en plastique (vid\u00e9s)<\/p>\n\n<p>\u2705 Grands objets en plastique (meubles, jouets)<\/p>\n\n<p>\u2705 Matelas, sommiers, bases de lit<\/p>\n\n<p>\u2705 Meubles (biblioth\u00e8que, bureau, chaise, commode, table)<\/p>\n\n<p>\u2705 Portes d\u2019int\u00e9rieur<\/p>\n\n<p>\u2705 R\u00e9servoir d\u2019eau chaude (capacit\u00e9 910 L ou coup\u00e9 en 2)<\/p>\n\n<p>\u2705 Stores<\/p>\n\n<p>\u2705 Tapis<\/p>\n\n<p>\ud83d\udd34 Mati\u00e8res refus\u00e9es:<\/p>\n\n<p>\ud83d\udeab Ampoules (lampes, lumi\u00e8res)<\/p>\n\n<p>\ud83d\udeab Animaux morts<\/p>\n\n<p>\ud83d\udeab Appareils fonctionnant \u00e0 l&#8217;essence (tondeuses, souffleuses)<\/p>\n\n<p>\ud83d\udeab Bonbonne de gaz comprim\u00e9<\/p>\n\n<p>\ud83d\udeab Cendres<\/p>\n\n<p>\ud83d\udeab Mat\u00e9riaux en vrac : asphalte, b\u00e9ton, bois, d\u00e9blais, gravats, pierre, roc, sable, terre (contamin\u00e9e ou non) et autres d\u00e9bris qui y sont associ\u00e9s<\/p>\n\n<p>\ud83d\udeab Mati\u00e8res recyclables \/ mati\u00e8res compostables et r\u00e9sidus verts<\/p>\n\n<p>\ud83d\udeab Pi\u00e8ces de voiture \/ Pneus<\/p>\n\n<p>\ud83d\udeab Produits \u00e9lectroniques<\/p>\n\n<p>\ud83d\udeab R\u00e9sidus domestiques dangereux<\/p>\n\n<p>\ud83d\udeab R\u00e9sidus de construction (dont le bois de construction), r\u00e9novation ou d\u00e9molition<\/p>\n\n<p>\ud83d\udeab Sacs de plastique opaques<\/p>\n\n<p>\ud83d\udeab Surplus d\u2019ordures m\u00e9nag\u00e8res<\/p>\n\n<p>\ud83d\udeab T\u00e9l\u00e9vision<\/p>\n\n<p>\ud83d\udeab Les items qui sont trop volumineux ou trop solides pour \u00eatre d\u00e9pos\u00e9s dans un camion compacteur ne sont pas accept\u00e9s.<\/p>\n\n<p>\ud83d\udda5\ufe0f\ud83d\udcbb\ud83d\udcf1 Pour savoir si un tiem peut \u00eatre r\u00e9utilis\u00e9 ou d\u00e9pos\u00e9 \u00e0 un endroit plus appropri\u00e9, n&#8217;h\u00e9sitez pas \u00e0 utiliser l&#8217;application \u00c7a va o\u00f9? : <a href=\"http:\/\/www.recyc-quebec.gouv.qc.ca\/citoyens\/mieux-consommer\/zone-jeunesse\/ca-va-ou\/\">www.recyc-quebec.gouv.qc.ca\/citoyens\/mieux-consommer\/zone-jeunesse\/ca-va-ou\/<\/a><\/p>\n\n<p>\ud83d\udcc6 <a href=\"https:\/\/municipalitedefranklin.ca\/wp-content\/uploads\/2023\/12\/Calendier_2024_Ordures.pdf\">Les deux autres collectes d&#8217;objets volumineux ont lieu les 11 juillet et 17 octobre.<\/a><\/p>\n","protected":false},"excerpt":{"rendered":"<p>Une collecte d\u2019objets volumineux a lieu ce jeudi 30 mai, avec la cueillette r\u00e9guli\u00e8re de la semaine. Les mati\u00e8res volumineuses comprennent les objets d\u2019usages domestiques, les articles ou appareils m\u00e9nagers dont les r\u00e9sidents d\u00e9sirent se d\u00e9partir. Veuillez d\u00e9poser vos volumineux \u00e0 c\u00f4t\u00e9 de votre bac \u00e0 ordures afin qu\u2019ils soient visibles et ramass\u00e9s par le [&hellip;]<\/p>\n","protected":false},"author":1,"featured_media":7368,"comment_status":"closed","ping_status":"open","sticky":false,"template":"","format":"standard","meta":{"site-sidebar-layout":"default","site-content-layout":"","ast-site-content-layout":"default","site-content-style":"default","site-sidebar-style":"default","ast-global-header-display":"","ast-banner-title-visibility":"","ast-main-header-display":"","ast-hfb-above-header-display":"","ast-hfb-below-header-display":"","ast-hfb-mobile-header-display":"","site-post-title":"","ast-breadcrumbs-content":"","ast-featured-img":"","footer-sml-layout":"","theme-transparent-header-meta":"","adv-header-id-meta":"","stick-header-meta":"","header-above-stick-meta":"","header-main-stick-meta":"","header-below-stick-meta":"","astra-migrate-meta-layouts":"default","ast-page-background-enabled":"default","ast-page-background-meta":{"desktop":{"background-color":"var(--ast-global-color-4)","background-image":"","background-repeat":"repeat","background-position":"center center","background-size":"auto","background-attachment":"scroll","background-type":"","background-media":"","overlay-type":"","overlay-color":"","overlay-opacity":"","overlay-gradient":""},"tablet":{"background-color":"","background-image":"","background-repeat":"repeat","background-position":"center center","background-size":"auto","background-attachment":"scroll","background-type":"","background-media":"","overlay-type":"","overlay-color":"","overlay-opacity":"","overlay-gradient":""},"mobile":{"background-color":"","background-image":"","background-repeat":"repeat","background-position":"center center","background-size":"auto","background-attachment":"scroll","background-type":"","background-media":"","overlay-type":"","overlay-color":"","overlay-opacity":"","overlay-gradient":""}},"ast-content-background-meta":{"desktop":{"background-color":"var(--ast-global-color-5)","background-image":"","background-repeat":"repeat","background-position":"center center","background-size":"auto","background-attachment":"scroll","background-type":"","background-media":"","overlay-type":"","overlay-color":"","overlay-opacity":"","overlay-gradient":""},"tablet":{"background-color":"var(--ast-global-color-5)","background-image":"","background-repeat":"repeat","background-position":"center center","background-size":"auto","background-attachment":"scroll","background-type":"","background-media":"","overlay-type":"","overlay-color":"","overlay-opacity":"","overlay-gradient":""},"mobile":{"background-color":"var(--ast-global-color-5)","background-image":"","background-repeat":"repeat","background-position":"center center","background-size":"auto","background-attachment":"scroll","background-type":"","background-media":"","overlay-type":"","overlay-color":"","overlay-opacity":"","overlay-gradient":""}},"footnotes":""},"categories":[63,65],"tags":[],"class_list":["post-8028","post","type-post","status-publish","format-standard","has-post-thumbnail","hentry","category-citizens","category-environment"],"yoast_head":"<!-- This site is optimized with the Yoast SEO plugin v24.5 - https:\/\/yoast.com\/wordpress\/plugins\/seo\/ -->\n<title>RAPPEL: Collecte d&#039;objets volumineux ce jeudi 30 mai - Municipalit\u00e9 de Franklin<\/title>\n<meta name=\"robots\" content=\"index, follow, max-snippet:-1, max-image-preview:large, max-video-preview:-1\" \/>\n<link rel=\"canonical\" href=\"https:\/\/municipalitedefranklin.ca\/en\/rappel-collecte-dobjets-volumineux-ce-jeudi-30-mai\/\" \/>\n<meta property=\"og:locale\" content=\"en_US\" \/>\n<meta property=\"og:type\" content=\"article\" \/>\n<meta property=\"og:title\" content=\"RAPPEL: Collecte d&#039;objets volumineux ce jeudi 30 mai - Municipalit\u00e9 de Franklin\" \/>\n<meta property=\"og:description\" content=\"Une collecte d\u2019objets volumineux a lieu ce jeudi 30 mai, avec la cueillette r\u00e9guli\u00e8re de la semaine. Les mati\u00e8res volumineuses comprennent les objets d\u2019usages domestiques, les articles ou appareils m\u00e9nagers dont les r\u00e9sidents d\u00e9sirent se d\u00e9partir. Veuillez d\u00e9poser vos volumineux \u00e0 c\u00f4t\u00e9 de votre bac \u00e0 ordures afin qu\u2019ils soient visibles et ramass\u00e9s par le [&hellip;]\" \/>\n<meta property=\"og:url\" content=\"https:\/\/municipalitedefranklin.ca\/en\/rappel-collecte-dobjets-volumineux-ce-jeudi-30-mai\/\" \/>\n<meta property=\"og:site_name\" content=\"Municipalit\u00e9 de Franklin\" \/>\n<meta property=\"article:publisher\" content=\"https:\/\/www.facebook.com\/municipalitefranklin\" \/>\n<meta property=\"article:published_time\" content=\"2024-05-28T19:52:53+00:00\" \/>\n<meta property=\"article:modified_time\" content=\"2024-07-04T23:56:45+00:00\" \/>\n<meta property=\"og:image\" content=\"https:\/\/municipalitedefranklin.ca\/wp-content\/uploads\/2024\/05\/Bac-conforme-2.jpg\" \/>\n\t<meta property=\"og:image:width\" content=\"1500\" \/>\n\t<meta property=\"og:image:height\" content=\"2000\" \/>\n\t<meta property=\"og:image:type\" content=\"image\/jpeg\" \/>\n<meta name=\"author\" content=\"franklin-admin\" \/>\n<meta name=\"twitter:card\" content=\"summary_large_image\" \/>\n<meta name=\"twitter:label1\" content=\"Written by\" \/>\n\t<meta name=\"twitter:data1\" content=\"franklin-admin\" \/>\n\t<meta name=\"twitter:label2\" content=\"Est. reading time\" \/>\n\t<meta name=\"twitter:data2\" content=\"2 minutes\" \/>\n<script type=\"application\/ld+json\" class=\"yoast-schema-graph\">{\"@context\":\"https:\/\/schema.org\",\"@graph\":[{\"@type\":\"Article\",\"@id\":\"https:\/\/municipalitedefranklin.ca\/en\/rappel-collecte-dobjets-volumineux-ce-jeudi-30-mai\/#article\",\"isPartOf\":{\"@id\":\"https:\/\/municipalitedefranklin.ca\/en\/rappel-collecte-dobjets-volumineux-ce-jeudi-30-mai\/\"},\"author\":{\"name\":\"franklin-admin\",\"@id\":\"https:\/\/municipalitedefranklin.ca\/#\/schema\/person\/500aefbfc05f2d5e18c69c94ee12bf03\"},\"headline\":\"RAPPEL: Collecte d&#8217;objets volumineux ce jeudi 30 mai\",\"datePublished\":\"2024-05-28T19:52:53+00:00\",\"dateModified\":\"2024-07-04T23:56:45+00:00\",\"mainEntityOfPage\":{\"@id\":\"https:\/\/municipalitedefranklin.ca\/en\/rappel-collecte-dobjets-volumineux-ce-jeudi-30-mai\/\"},\"wordCount\":318,\"publisher\":{\"@id\":\"https:\/\/municipalitedefranklin.ca\/#organization\"},\"image\":{\"@id\":\"https:\/\/municipalitedefranklin.ca\/en\/rappel-collecte-dobjets-volumineux-ce-jeudi-30-mai\/#primaryimage\"},\"thumbnailUrl\":\"https:\/\/municipalitedefranklin.ca\/wp-content\/uploads\/2024\/05\/Bac-conforme-2.jpg\",\"articleSection\":[\"Citizens\",\"Environment\"],\"inLanguage\":\"en-US\"},{\"@type\":\"WebPage\",\"@id\":\"https:\/\/municipalitedefranklin.ca\/en\/rappel-collecte-dobjets-volumineux-ce-jeudi-30-mai\/\",\"url\":\"https:\/\/municipalitedefranklin.ca\/en\/rappel-collecte-dobjets-volumineux-ce-jeudi-30-mai\/\",\"name\":\"RAPPEL: Collecte d'objets volumineux ce jeudi 30 mai - Municipalit\u00e9 de Franklin\",\"isPartOf\":{\"@id\":\"https:\/\/municipalitedefranklin.ca\/#website\"},\"primaryImageOfPage\":{\"@id\":\"https:\/\/municipalitedefranklin.ca\/en\/rappel-collecte-dobjets-volumineux-ce-jeudi-30-mai\/#primaryimage\"},\"image\":{\"@id\":\"https:\/\/municipalitedefranklin.ca\/en\/rappel-collecte-dobjets-volumineux-ce-jeudi-30-mai\/#primaryimage\"},\"thumbnailUrl\":\"https:\/\/municipalitedefranklin.ca\/wp-content\/uploads\/2024\/05\/Bac-conforme-2.jpg\",\"datePublished\":\"2024-05-28T19:52:53+00:00\",\"dateModified\":\"2024-07-04T23:56:45+00:00\",\"breadcrumb\":{\"@id\":\"https:\/\/municipalitedefranklin.ca\/en\/rappel-collecte-dobjets-volumineux-ce-jeudi-30-mai\/#breadcrumb\"},\"inLanguage\":\"en-US\",\"potentialAction\":[{\"@type\":\"ReadAction\",\"target\":[\"https:\/\/municipalitedefranklin.ca\/en\/rappel-collecte-dobjets-volumineux-ce-jeudi-30-mai\/\"]}]},{\"@type\":\"ImageObject\",\"inLanguage\":\"en-US\",\"@id\":\"https:\/\/municipalitedefranklin.ca\/en\/rappel-collecte-dobjets-volumineux-ce-jeudi-30-mai\/#primaryimage\",\"url\":\"https:\/\/municipalitedefranklin.ca\/wp-content\/uploads\/2024\/05\/Bac-conforme-2.jpg\",\"contentUrl\":\"https:\/\/municipalitedefranklin.ca\/wp-content\/uploads\/2024\/05\/Bac-conforme-2.jpg\",\"width\":1500,\"height\":2000},{\"@type\":\"BreadcrumbList\",\"@id\":\"https:\/\/municipalitedefranklin.ca\/en\/rappel-collecte-dobjets-volumineux-ce-jeudi-30-mai\/#breadcrumb\",\"itemListElement\":[{\"@type\":\"ListItem\",\"position\":1,\"name\":\"Accueil\",\"item\":\"https:\/\/municipalitedefranklin.ca\/en\/homepage\/\"},{\"@type\":\"ListItem\",\"position\":2,\"name\":\"RAPPEL: Collecte d&#8217;objets volumineux ce jeudi 30 mai\"}]},{\"@type\":\"WebSite\",\"@id\":\"https:\/\/municipalitedefranklin.ca\/#website\",\"url\":\"https:\/\/municipalitedefranklin.ca\/\",\"name\":\"Municipalit\u00e9 de Franklin\",\"description\":\"\",\"publisher\":{\"@id\":\"https:\/\/municipalitedefranklin.ca\/#organization\"},\"potentialAction\":[{\"@type\":\"SearchAction\",\"target\":{\"@type\":\"EntryPoint\",\"urlTemplate\":\"https:\/\/municipalitedefranklin.ca\/?s={search_term_string}\"},\"query-input\":{\"@type\":\"PropertyValueSpecification\",\"valueRequired\":true,\"valueName\":\"search_term_string\"}}],\"inLanguage\":\"en-US\"},{\"@type\":\"Organization\",\"@id\":\"https:\/\/municipalitedefranklin.ca\/#organization\",\"name\":\"Municipalit\u00e9 de Franklin\",\"url\":\"https:\/\/municipalitedefranklin.ca\/\",\"logo\":{\"@type\":\"ImageObject\",\"inLanguage\":\"en-US\",\"@id\":\"https:\/\/municipalitedefranklin.ca\/#\/schema\/logo\/image\/\",\"url\":\"https:\/\/municipalitedefranklin.ca\/wp-content\/uploads\/2023\/03\/logo-header-franklin.svg\",\"contentUrl\":\"https:\/\/municipalitedefranklin.ca\/wp-content\/uploads\/2023\/03\/logo-header-franklin.svg\",\"width\":186,\"height\":63,\"caption\":\"Municipalit\u00e9 de Franklin\"},\"image\":{\"@id\":\"https:\/\/municipalitedefranklin.ca\/#\/schema\/logo\/image\/\"},\"sameAs\":[\"https:\/\/www.facebook.com\/municipalitefranklin\"]},{\"@type\":\"Person\",\"@id\":\"https:\/\/municipalitedefranklin.ca\/#\/schema\/person\/500aefbfc05f2d5e18c69c94ee12bf03\",\"name\":\"franklin-admin\",\"image\":{\"@type\":\"ImageObject\",\"inLanguage\":\"en-US\",\"@id\":\"https:\/\/municipalitedefranklin.ca\/#\/schema\/person\/image\/\",\"url\":\"https:\/\/secure.gravatar.com\/avatar\/784c3cd511937876684c3be7fccdc5d22e218b9108a33e405a3075157ee49dbf?s=96&d=mm&r=g\",\"contentUrl\":\"https:\/\/secure.gravatar.com\/avatar\/784c3cd511937876684c3be7fccdc5d22e218b9108a33e405a3075157ee49dbf?s=96&d=mm&r=g\",\"caption\":\"franklin-admin\"},\"sameAs\":[\"http:\/\/municipalitedefranklin.ca\"]}]}<\/script>\n<!-- \/ Yoast SEO plugin. -->","yoast_head_json":{"title":"RAPPEL: Collecte d'objets volumineux ce jeudi 30 mai - Municipalit\u00e9 de Franklin","robots":{"index":"index","follow":"follow","max-snippet":"max-snippet:-1","max-image-preview":"max-image-preview:large","max-video-preview":"max-video-preview:-1"},"canonical":"https:\/\/municipalitedefranklin.ca\/en\/rappel-collecte-dobjets-volumineux-ce-jeudi-30-mai\/","og_locale":"en_US","og_type":"article","og_title":"RAPPEL: Collecte d'objets volumineux ce jeudi 30 mai - Municipalit\u00e9 de Franklin","og_description":"Une collecte d\u2019objets volumineux a lieu ce jeudi 30 mai, avec la cueillette r\u00e9guli\u00e8re de la semaine. Les mati\u00e8res volumineuses comprennent les objets d\u2019usages domestiques, les articles ou appareils m\u00e9nagers dont les r\u00e9sidents d\u00e9sirent se d\u00e9partir. Veuillez d\u00e9poser vos volumineux \u00e0 c\u00f4t\u00e9 de votre bac \u00e0 ordures afin qu\u2019ils soient visibles et ramass\u00e9s par le [&hellip;]","og_url":"https:\/\/municipalitedefranklin.ca\/en\/rappel-collecte-dobjets-volumineux-ce-jeudi-30-mai\/","og_site_name":"Municipalit\u00e9 de Franklin","article_publisher":"https:\/\/www.facebook.com\/municipalitefranklin","article_published_time":"2024-05-28T19:52:53+00:00","article_modified_time":"2024-07-04T23:56:45+00:00","og_image":[{"width":1500,"height":2000,"url":"https:\/\/municipalitedefranklin.ca\/wp-content\/uploads\/2024\/05\/Bac-conforme-2.jpg","type":"image\/jpeg"}],"author":"franklin-admin","twitter_card":"summary_large_image","twitter_misc":{"Written by":"franklin-admin","Est. reading time":"2 minutes"},"schema":{"@context":"https:\/\/schema.org","@graph":[{"@type":"Article","@id":"https:\/\/municipalitedefranklin.ca\/en\/rappel-collecte-dobjets-volumineux-ce-jeudi-30-mai\/#article","isPartOf":{"@id":"https:\/\/municipalitedefranklin.ca\/en\/rappel-collecte-dobjets-volumineux-ce-jeudi-30-mai\/"},"author":{"name":"franklin-admin","@id":"https:\/\/municipalitedefranklin.ca\/#\/schema\/person\/500aefbfc05f2d5e18c69c94ee12bf03"},"headline":"RAPPEL: Collecte d&#8217;objets volumineux ce jeudi 30 mai","datePublished":"2024-05-28T19:52:53+00:00","dateModified":"2024-07-04T23:56:45+00:00","mainEntityOfPage":{"@id":"https:\/\/municipalitedefranklin.ca\/en\/rappel-collecte-dobjets-volumineux-ce-jeudi-30-mai\/"},"wordCount":318,"publisher":{"@id":"https:\/\/municipalitedefranklin.ca\/#organization"},"image":{"@id":"https:\/\/municipalitedefranklin.ca\/en\/rappel-collecte-dobjets-volumineux-ce-jeudi-30-mai\/#primaryimage"},"thumbnailUrl":"https:\/\/municipalitedefranklin.ca\/wp-content\/uploads\/2024\/05\/Bac-conforme-2.jpg","articleSection":["Citizens","Environment"],"inLanguage":"en-US"},{"@type":"WebPage","@id":"https:\/\/municipalitedefranklin.ca\/en\/rappel-collecte-dobjets-volumineux-ce-jeudi-30-mai\/","url":"https:\/\/municipalitedefranklin.ca\/en\/rappel-collecte-dobjets-volumineux-ce-jeudi-30-mai\/","name":"RAPPEL: Collecte d'objets volumineux ce jeudi 30 mai - Municipalit\u00e9 de Franklin","isPartOf":{"@id":"https:\/\/municipalitedefranklin.ca\/#website"},"primaryImageOfPage":{"@id":"https:\/\/municipalitedefranklin.ca\/en\/rappel-collecte-dobjets-volumineux-ce-jeudi-30-mai\/#primaryimage"},"image":{"@id":"https:\/\/municipalitedefranklin.ca\/en\/rappel-collecte-dobjets-volumineux-ce-jeudi-30-mai\/#primaryimage"},"thumbnailUrl":"https:\/\/municipalitedefranklin.ca\/wp-content\/uploads\/2024\/05\/Bac-conforme-2.jpg","datePublished":"2024-05-28T19:52:53+00:00","dateModified":"2024-07-04T23:56:45+00:00","breadcrumb":{"@id":"https:\/\/municipalitedefranklin.ca\/en\/rappel-collecte-dobjets-volumineux-ce-jeudi-30-mai\/#breadcrumb"},"inLanguage":"en-US","potentialAction":[{"@type":"ReadAction","target":["https:\/\/municipalitedefranklin.ca\/en\/rappel-collecte-dobjets-volumineux-ce-jeudi-30-mai\/"]}]},{"@type":"ImageObject","inLanguage":"en-US","@id":"https:\/\/municipalitedefranklin.ca\/en\/rappel-collecte-dobjets-volumineux-ce-jeudi-30-mai\/#primaryimage","url":"https:\/\/municipalitedefranklin.ca\/wp-content\/uploads\/2024\/05\/Bac-conforme-2.jpg","contentUrl":"https:\/\/municipalitedefranklin.ca\/wp-content\/uploads\/2024\/05\/Bac-conforme-2.jpg","width":1500,"height":2000},{"@type":"BreadcrumbList","@id":"https:\/\/municipalitedefranklin.ca\/en\/rappel-collecte-dobjets-volumineux-ce-jeudi-30-mai\/#breadcrumb","itemListElement":[{"@type":"ListItem","position":1,"name":"Accueil","item":"https:\/\/municipalitedefranklin.ca\/en\/homepage\/"},{"@type":"ListItem","position":2,"name":"RAPPEL: Collecte d&#8217;objets volumineux ce jeudi 30 mai"}]},{"@type":"WebSite","@id":"https:\/\/municipalitedefranklin.ca\/#website","url":"https:\/\/municipalitedefranklin.ca\/","name":"Municipalit\u00e9 de Franklin","description":"","publisher":{"@id":"https:\/\/municipalitedefranklin.ca\/#organization"},"potentialAction":[{"@type":"SearchAction","target":{"@type":"EntryPoint","urlTemplate":"https:\/\/municipalitedefranklin.ca\/?s={search_term_string}"},"query-input":{"@type":"PropertyValueSpecification","valueRequired":true,"valueName":"search_term_string"}}],"inLanguage":"en-US"},{"@type":"Organization","@id":"https:\/\/municipalitedefranklin.ca\/#organization","name":"Municipalit\u00e9 de Franklin","url":"https:\/\/municipalitedefranklin.ca\/","logo":{"@type":"ImageObject","inLanguage":"en-US","@id":"https:\/\/municipalitedefranklin.ca\/#\/schema\/logo\/image\/","url":"https:\/\/municipalitedefranklin.ca\/wp-content\/uploads\/2023\/03\/logo-header-franklin.svg","contentUrl":"https:\/\/municipalitedefranklin.ca\/wp-content\/uploads\/2023\/03\/logo-header-franklin.svg","width":186,"height":63,"caption":"Municipalit\u00e9 de Franklin"},"image":{"@id":"https:\/\/municipalitedefranklin.ca\/#\/schema\/logo\/image\/"},"sameAs":["https:\/\/www.facebook.com\/municipalitefranklin"]},{"@type":"Person","@id":"https:\/\/municipalitedefranklin.ca\/#\/schema\/person\/500aefbfc05f2d5e18c69c94ee12bf03","name":"franklin-admin","image":{"@type":"ImageObject","inLanguage":"en-US","@id":"https:\/\/municipalitedefranklin.ca\/#\/schema\/person\/image\/","url":"https:\/\/secure.gravatar.com\/avatar\/784c3cd511937876684c3be7fccdc5d22e218b9108a33e405a3075157ee49dbf?s=96&d=mm&r=g","contentUrl":"https:\/\/secure.gravatar.com\/avatar\/784c3cd511937876684c3be7fccdc5d22e218b9108a33e405a3075157ee49dbf?s=96&d=mm&r=g","caption":"franklin-admin"},"sameAs":["http:\/\/municipalitedefranklin.ca"]}]}},"_links":{"self":[{"href":"https:\/\/municipalitedefranklin.ca\/en\/wp-json\/wp\/v2\/posts\/8028","targetHints":{"allow":["GET"]}}],"collection":[{"href":"https:\/\/municipalitedefranklin.ca\/en\/wp-json\/wp\/v2\/posts"}],"about":[{"href":"https:\/\/municipalitedefranklin.ca\/en\/wp-json\/wp\/v2\/types\/post"}],"author":[{"embeddable":true,"href":"https:\/\/municipalitedefranklin.ca\/en\/wp-json\/wp\/v2\/users\/1"}],"replies":[{"embeddable":true,"href":"https:\/\/municipalitedefranklin.ca\/en\/wp-json\/wp\/v2\/comments?post=8028"}],"version-history":[{"count":1,"href":"https:\/\/municipalitedefranklin.ca\/en\/wp-json\/wp\/v2\/posts\/8028\/revisions"}],"predecessor-version":[{"id":8029,"href":"https:\/\/municipalitedefranklin.ca\/en\/wp-json\/wp\/v2\/posts\/8028\/revisions\/8029"}],"wp:featuredmedia":[{"embeddable":true,"href":"https:\/\/municipalitedefranklin.ca\/en\/wp-json\/wp\/v2\/media\/7368"}],"wp:attachment":[{"href":"https:\/\/municipalitedefranklin.ca\/en\/wp-json\/wp\/v2\/media?parent=8028"}],"wp:term":[{"taxonomy":"category","embeddable":true,"href":"https:\/\/municipalitedefranklin.ca\/en\/wp-json\/wp\/v2\/categories?post=8028"},{"taxonomy":"post_tag","embeddable":true,"href":"https:\/\/municipalitedefranklin.ca\/en\/wp-json\/wp\/v2\/tags?post=8028"}],"curies":[{"name":"wp","href":"https:\/\/api.w.org\/{rel}","templated":true}]}}