{"id":8030,"date":"2024-05-27T14:34:19","date_gmt":"2024-05-27T18:34:19","guid":{"rendered":"https:\/\/municipalitedefranklin.ca\/levee-de-lavis-debullition\/"},"modified":"2024-07-04T19:56:47","modified_gmt":"2024-07-04T23:56:47","slug":"levee-de-lavis-debullition","status":"publish","type":"post","link":"https:\/\/municipalitedefranklin.ca\/en\/levee-de-lavis-debullition\/","title":{"rendered":"LEV\u00c9E DE L&#8217;AVIS D&#8217;\u00c9BULLITION"},"content":{"rendered":"\n<p>En ce lundi apr\u00e8s-midi 27 mai, nous vous informons que l&#8217;avis d&#8217;\u00e9bullition a \u00e9t\u00e9 lev\u00e9 pour les r\u00e9sidents qui sont branch\u00e9s sur le r\u00e9seau d&#8217;aqueduc. Vous n&#8217;avez plus besoin de faire bouillir l&#8217;eau avant de la consommer. <br\/>\u2705 Il se pourrait que l&#8217;eau ait une couleur jaun\u00e2tre. Si tel est le cas, veuillez laisser couler l&#8217;eau quelques minutes et l&#8217;eau reprendra sa couleur habituelle.<br\/>\u2705 L&#8217;information a \u00e9t\u00e9 affich\u00e9e sur le site Web de la Municipalit\u00e9, des accroches-portes sont distribu\u00e9s aux r\u00e9sidences touch\u00e9es et des messages ont \u00e9t\u00e9 transmis aux citoyens touch\u00e9s via la plateforme des mesures d\u2019urgence pour les informer de la lev\u00e9e de l&#8217;avis d&#8217;\u00e9bullition.<br\/>\u260e Urgence municipale: 450 827-2538, extension 7<\/p>\n\n<p><br\/>***<\/p>\n\n<p><br\/>BOIL WATER ADVISORY LIFTED \ud83d\udca6 On this Monday afternoon, May 27, we inform you that the boil water advisory has been lifted for residents who are connected to the water system. You no longer need to boil water before consuming it. <br\/>\u2705 The water may be yellowish. If this is the case, please let the water run for a few minutes and the water will return to its usual color.<br\/>\u2705 The information was posted on the Municipality\u2019s website, door hangers are being distributed to the affected residences and messages were sent to the affected citizens via the emergency measures platform to inform them of the lifting of the boil water advisory.<br\/>\u260e Municipal emergency: 450 827-2538, extension 7<\/p>\n","protected":false},"excerpt":{"rendered":"<p>En ce lundi apr\u00e8s-midi 27 mai, nous vous informons que l&#8217;avis d&#8217;\u00e9bullition a \u00e9t\u00e9 lev\u00e9 pour les r\u00e9sidents qui sont branch\u00e9s sur le r\u00e9seau d&#8217;aqueduc. Vous n&#8217;avez plus besoin de faire bouillir l&#8217;eau avant de la consommer. \u2705 Il se pourrait que l&#8217;eau ait une couleur jaun\u00e2tre. Si tel est le cas, veuillez laisser couler [&hellip;]<\/p>\n","protected":false},"author":2,"featured_media":7109,"comment_status":"closed","ping_status":"open","sticky":false,"template":"","format":"standard","meta":{"site-sidebar-layout":"default","site-content-layout":"","ast-site-content-layout":"default","site-content-style":"default","site-sidebar-style":"default","ast-global-header-display":"","ast-banner-title-visibility":"","ast-main-header-display":"","ast-hfb-above-header-display":"","ast-hfb-below-header-display":"","ast-hfb-mobile-header-display":"","site-post-title":"","ast-breadcrumbs-content":"","ast-featured-img":"","footer-sml-layout":"","theme-transparent-header-meta":"","adv-header-id-meta":"","stick-header-meta":"","header-above-stick-meta":"","header-main-stick-meta":"","header-below-stick-meta":"","astra-migrate-meta-layouts":"default","ast-page-background-enabled":"default","ast-page-background-meta":{"desktop":{"background-color":"var(--ast-global-color-4)","background-image":"","background-repeat":"repeat","background-position":"center center","background-size":"auto","background-attachment":"scroll","background-type":"","background-media":"","overlay-type":"","overlay-color":"","overlay-opacity":"","overlay-gradient":""},"tablet":{"background-color":"","background-image":"","background-repeat":"repeat","background-position":"center center","background-size":"auto","background-attachment":"scroll","background-type":"","background-media":"","overlay-type":"","overlay-color":"","overlay-opacity":"","overlay-gradient":""},"mobile":{"background-color":"","background-image":"","background-repeat":"repeat","background-position":"center center","background-size":"auto","background-attachment":"scroll","background-type":"","background-media":"","overlay-type":"","overlay-color":"","overlay-opacity":"","overlay-gradient":""}},"ast-content-background-meta":{"desktop":{"background-color":"var(--ast-global-color-5)","background-image":"","background-repeat":"repeat","background-position":"center center","background-size":"auto","background-attachment":"scroll","background-type":"","background-media":"","overlay-type":"","overlay-color":"","overlay-opacity":"","overlay-gradient":""},"tablet":{"background-color":"var(--ast-global-color-5)","background-image":"","background-repeat":"repeat","background-position":"center center","background-size":"auto","background-attachment":"scroll","background-type":"","background-media":"","overlay-type":"","overlay-color":"","overlay-opacity":"","overlay-gradient":""},"mobile":{"background-color":"var(--ast-global-color-5)","background-image":"","background-repeat":"repeat","background-position":"center center","background-size":"auto","background-attachment":"scroll","background-type":"","background-media":"","overlay-type":"","overlay-color":"","overlay-opacity":"","overlay-gradient":""}},"footnotes":""},"categories":[63],"tags":[],"class_list":["post-8030","post","type-post","status-publish","format-standard","has-post-thumbnail","hentry","category-citizens"],"yoast_head":"<!-- This site is optimized with the Yoast SEO plugin v24.5 - https:\/\/yoast.com\/wordpress\/plugins\/seo\/ -->\n<title>LEV\u00c9E DE L&#039;AVIS D&#039;\u00c9BULLITION - Municipalit\u00e9 de Franklin<\/title>\n<meta name=\"robots\" content=\"index, follow, max-snippet:-1, max-image-preview:large, max-video-preview:-1\" \/>\n<link rel=\"canonical\" href=\"https:\/\/municipalitedefranklin.ca\/en\/levee-de-lavis-debullition\/\" \/>\n<meta property=\"og:locale\" content=\"en_US\" \/>\n<meta property=\"og:type\" content=\"article\" \/>\n<meta property=\"og:title\" content=\"LEV\u00c9E DE L&#039;AVIS D&#039;\u00c9BULLITION - Municipalit\u00e9 de Franklin\" \/>\n<meta property=\"og:description\" content=\"En ce lundi apr\u00e8s-midi 27 mai, nous vous informons que l&#8217;avis d&#8217;\u00e9bullition a \u00e9t\u00e9 lev\u00e9 pour les r\u00e9sidents qui sont branch\u00e9s sur le r\u00e9seau d&#8217;aqueduc. Vous n&#8217;avez plus besoin de faire bouillir l&#8217;eau avant de la consommer. \u2705 Il se pourrait que l&#8217;eau ait une couleur jaun\u00e2tre. Si tel est le cas, veuillez laisser couler [&hellip;]\" \/>\n<meta property=\"og:url\" content=\"https:\/\/municipalitedefranklin.ca\/en\/levee-de-lavis-debullition\/\" \/>\n<meta property=\"og:site_name\" content=\"Municipalit\u00e9 de Franklin\" \/>\n<meta property=\"article:publisher\" content=\"https:\/\/www.facebook.com\/municipalitefranklin\" \/>\n<meta property=\"article:published_time\" content=\"2024-05-27T18:34:19+00:00\" \/>\n<meta property=\"article:modified_time\" content=\"2024-07-04T23:56:47+00:00\" \/>\n<meta property=\"og:image\" content=\"https:\/\/municipalitedefranklin.ca\/wp-content\/uploads\/2024\/03\/Creation-sans-titre.png\" \/>\n\t<meta property=\"og:image:width\" content=\"940\" \/>\n\t<meta property=\"og:image:height\" content=\"788\" \/>\n\t<meta property=\"og:image:type\" content=\"image\/png\" \/>\n<meta name=\"author\" content=\"Julie Lalonde\" \/>\n<meta name=\"twitter:card\" content=\"summary_large_image\" \/>\n<meta name=\"twitter:label1\" content=\"Written by\" \/>\n\t<meta name=\"twitter:data1\" content=\"Julie Lalonde\" \/>\n\t<meta name=\"twitter:label2\" content=\"Est. reading time\" \/>\n\t<meta name=\"twitter:data2\" content=\"1 minute\" \/>\n<script type=\"application\/ld+json\" class=\"yoast-schema-graph\">{\"@context\":\"https:\/\/schema.org\",\"@graph\":[{\"@type\":\"Article\",\"@id\":\"https:\/\/municipalitedefranklin.ca\/en\/levee-de-lavis-debullition\/#article\",\"isPartOf\":{\"@id\":\"https:\/\/municipalitedefranklin.ca\/en\/levee-de-lavis-debullition\/\"},\"author\":{\"name\":\"Julie Lalonde\",\"@id\":\"https:\/\/municipalitedefranklin.ca\/#\/schema\/person\/dfcd9b98d1a3f07f8d2ad9143ee96188\"},\"headline\":\"LEV\u00c9E DE L&#8217;AVIS D&#8217;\u00c9BULLITION\",\"datePublished\":\"2024-05-27T18:34:19+00:00\",\"dateModified\":\"2024-07-04T23:56:47+00:00\",\"mainEntityOfPage\":{\"@id\":\"https:\/\/municipalitedefranklin.ca\/en\/levee-de-lavis-debullition\/\"},\"wordCount\":251,\"publisher\":{\"@id\":\"https:\/\/municipalitedefranklin.ca\/#organization\"},\"image\":{\"@id\":\"https:\/\/municipalitedefranklin.ca\/en\/levee-de-lavis-debullition\/#primaryimage\"},\"thumbnailUrl\":\"https:\/\/municipalitedefranklin.ca\/wp-content\/uploads\/2024\/03\/Creation-sans-titre.png\",\"articleSection\":[\"Citizens\"],\"inLanguage\":\"en-US\"},{\"@type\":\"WebPage\",\"@id\":\"https:\/\/municipalitedefranklin.ca\/en\/levee-de-lavis-debullition\/\",\"url\":\"https:\/\/municipalitedefranklin.ca\/en\/levee-de-lavis-debullition\/\",\"name\":\"LEV\u00c9E DE L'AVIS D'\u00c9BULLITION - Municipalit\u00e9 de Franklin\",\"isPartOf\":{\"@id\":\"https:\/\/municipalitedefranklin.ca\/#website\"},\"primaryImageOfPage\":{\"@id\":\"https:\/\/municipalitedefranklin.ca\/en\/levee-de-lavis-debullition\/#primaryimage\"},\"image\":{\"@id\":\"https:\/\/municipalitedefranklin.ca\/en\/levee-de-lavis-debullition\/#primaryimage\"},\"thumbnailUrl\":\"https:\/\/municipalitedefranklin.ca\/wp-content\/uploads\/2024\/03\/Creation-sans-titre.png\",\"datePublished\":\"2024-05-27T18:34:19+00:00\",\"dateModified\":\"2024-07-04T23:56:47+00:00\",\"breadcrumb\":{\"@id\":\"https:\/\/municipalitedefranklin.ca\/en\/levee-de-lavis-debullition\/#breadcrumb\"},\"inLanguage\":\"en-US\",\"potentialAction\":[{\"@type\":\"ReadAction\",\"target\":[\"https:\/\/municipalitedefranklin.ca\/en\/levee-de-lavis-debullition\/\"]}]},{\"@type\":\"ImageObject\",\"inLanguage\":\"en-US\",\"@id\":\"https:\/\/municipalitedefranklin.ca\/en\/levee-de-lavis-debullition\/#primaryimage\",\"url\":\"https:\/\/municipalitedefranklin.ca\/wp-content\/uploads\/2024\/03\/Creation-sans-titre.png\",\"contentUrl\":\"https:\/\/municipalitedefranklin.ca\/wp-content\/uploads\/2024\/03\/Creation-sans-titre.png\",\"width\":940,\"height\":788},{\"@type\":\"BreadcrumbList\",\"@id\":\"https:\/\/municipalitedefranklin.ca\/en\/levee-de-lavis-debullition\/#breadcrumb\",\"itemListElement\":[{\"@type\":\"ListItem\",\"position\":1,\"name\":\"Accueil\",\"item\":\"https:\/\/municipalitedefranklin.ca\/en\/homepage\/\"},{\"@type\":\"ListItem\",\"position\":2,\"name\":\"LEV\u00c9E DE L&#8217;AVIS D&#8217;\u00c9BULLITION\"}]},{\"@type\":\"WebSite\",\"@id\":\"https:\/\/municipalitedefranklin.ca\/#website\",\"url\":\"https:\/\/municipalitedefranklin.ca\/\",\"name\":\"Municipalit\u00e9 de Franklin\",\"description\":\"\",\"publisher\":{\"@id\":\"https:\/\/municipalitedefranklin.ca\/#organization\"},\"potentialAction\":[{\"@type\":\"SearchAction\",\"target\":{\"@type\":\"EntryPoint\",\"urlTemplate\":\"https:\/\/municipalitedefranklin.ca\/?s={search_term_string}\"},\"query-input\":{\"@type\":\"PropertyValueSpecification\",\"valueRequired\":true,\"valueName\":\"search_term_string\"}}],\"inLanguage\":\"en-US\"},{\"@type\":\"Organization\",\"@id\":\"https:\/\/municipalitedefranklin.ca\/#organization\",\"name\":\"Municipalit\u00e9 de Franklin\",\"url\":\"https:\/\/municipalitedefranklin.ca\/\",\"logo\":{\"@type\":\"ImageObject\",\"inLanguage\":\"en-US\",\"@id\":\"https:\/\/municipalitedefranklin.ca\/#\/schema\/logo\/image\/\",\"url\":\"https:\/\/municipalitedefranklin.ca\/wp-content\/uploads\/2023\/03\/logo-header-franklin.svg\",\"contentUrl\":\"https:\/\/municipalitedefranklin.ca\/wp-content\/uploads\/2023\/03\/logo-header-franklin.svg\",\"width\":186,\"height\":63,\"caption\":\"Municipalit\u00e9 de Franklin\"},\"image\":{\"@id\":\"https:\/\/municipalitedefranklin.ca\/#\/schema\/logo\/image\/\"},\"sameAs\":[\"https:\/\/www.facebook.com\/municipalitefranklin\"]},{\"@type\":\"Person\",\"@id\":\"https:\/\/municipalitedefranklin.ca\/#\/schema\/person\/dfcd9b98d1a3f07f8d2ad9143ee96188\",\"name\":\"Julie Lalonde\",\"image\":{\"@type\":\"ImageObject\",\"inLanguage\":\"en-US\",\"@id\":\"https:\/\/municipalitedefranklin.ca\/#\/schema\/person\/image\/\",\"url\":\"https:\/\/secure.gravatar.com\/avatar\/21e6d486338978519fa8ab692eb367b38c2aa51ecaf5a38c2c44fca77569d04b?s=96&d=mm&r=g\",\"contentUrl\":\"https:\/\/secure.gravatar.com\/avatar\/21e6d486338978519fa8ab692eb367b38c2aa51ecaf5a38c2c44fca77569d04b?s=96&d=mm&r=g\",\"caption\":\"Julie Lalonde\"}}]}<\/script>\n<!-- \/ Yoast SEO plugin. -->","yoast_head_json":{"title":"LEV\u00c9E DE L'AVIS D'\u00c9BULLITION - Municipalit\u00e9 de Franklin","robots":{"index":"index","follow":"follow","max-snippet":"max-snippet:-1","max-image-preview":"max-image-preview:large","max-video-preview":"max-video-preview:-1"},"canonical":"https:\/\/municipalitedefranklin.ca\/en\/levee-de-lavis-debullition\/","og_locale":"en_US","og_type":"article","og_title":"LEV\u00c9E DE L'AVIS D'\u00c9BULLITION - Municipalit\u00e9 de Franklin","og_description":"En ce lundi apr\u00e8s-midi 27 mai, nous vous informons que l&#8217;avis d&#8217;\u00e9bullition a \u00e9t\u00e9 lev\u00e9 pour les r\u00e9sidents qui sont branch\u00e9s sur le r\u00e9seau d&#8217;aqueduc. Vous n&#8217;avez plus besoin de faire bouillir l&#8217;eau avant de la consommer. \u2705 Il se pourrait que l&#8217;eau ait une couleur jaun\u00e2tre. Si tel est le cas, veuillez laisser couler [&hellip;]","og_url":"https:\/\/municipalitedefranklin.ca\/en\/levee-de-lavis-debullition\/","og_site_name":"Municipalit\u00e9 de Franklin","article_publisher":"https:\/\/www.facebook.com\/municipalitefranklin","article_published_time":"2024-05-27T18:34:19+00:00","article_modified_time":"2024-07-04T23:56:47+00:00","og_image":[{"width":940,"height":788,"url":"https:\/\/municipalitedefranklin.ca\/wp-content\/uploads\/2024\/03\/Creation-sans-titre.png","type":"image\/png"}],"author":"Julie Lalonde","twitter_card":"summary_large_image","twitter_misc":{"Written by":"Julie Lalonde","Est. reading time":"1 minute"},"schema":{"@context":"https:\/\/schema.org","@graph":[{"@type":"Article","@id":"https:\/\/municipalitedefranklin.ca\/en\/levee-de-lavis-debullition\/#article","isPartOf":{"@id":"https:\/\/municipalitedefranklin.ca\/en\/levee-de-lavis-debullition\/"},"author":{"name":"Julie Lalonde","@id":"https:\/\/municipalitedefranklin.ca\/#\/schema\/person\/dfcd9b98d1a3f07f8d2ad9143ee96188"},"headline":"LEV\u00c9E DE L&#8217;AVIS D&#8217;\u00c9BULLITION","datePublished":"2024-05-27T18:34:19+00:00","dateModified":"2024-07-04T23:56:47+00:00","mainEntityOfPage":{"@id":"https:\/\/municipalitedefranklin.ca\/en\/levee-de-lavis-debullition\/"},"wordCount":251,"publisher":{"@id":"https:\/\/municipalitedefranklin.ca\/#organization"},"image":{"@id":"https:\/\/municipalitedefranklin.ca\/en\/levee-de-lavis-debullition\/#primaryimage"},"thumbnailUrl":"https:\/\/municipalitedefranklin.ca\/wp-content\/uploads\/2024\/03\/Creation-sans-titre.png","articleSection":["Citizens"],"inLanguage":"en-US"},{"@type":"WebPage","@id":"https:\/\/municipalitedefranklin.ca\/en\/levee-de-lavis-debullition\/","url":"https:\/\/municipalitedefranklin.ca\/en\/levee-de-lavis-debullition\/","name":"LEV\u00c9E DE L'AVIS D'\u00c9BULLITION - Municipalit\u00e9 de Franklin","isPartOf":{"@id":"https:\/\/municipalitedefranklin.ca\/#website"},"primaryImageOfPage":{"@id":"https:\/\/municipalitedefranklin.ca\/en\/levee-de-lavis-debullition\/#primaryimage"},"image":{"@id":"https:\/\/municipalitedefranklin.ca\/en\/levee-de-lavis-debullition\/#primaryimage"},"thumbnailUrl":"https:\/\/municipalitedefranklin.ca\/wp-content\/uploads\/2024\/03\/Creation-sans-titre.png","datePublished":"2024-05-27T18:34:19+00:00","dateModified":"2024-07-04T23:56:47+00:00","breadcrumb":{"@id":"https:\/\/municipalitedefranklin.ca\/en\/levee-de-lavis-debullition\/#breadcrumb"},"inLanguage":"en-US","potentialAction":[{"@type":"ReadAction","target":["https:\/\/municipalitedefranklin.ca\/en\/levee-de-lavis-debullition\/"]}]},{"@type":"ImageObject","inLanguage":"en-US","@id":"https:\/\/municipalitedefranklin.ca\/en\/levee-de-lavis-debullition\/#primaryimage","url":"https:\/\/municipalitedefranklin.ca\/wp-content\/uploads\/2024\/03\/Creation-sans-titre.png","contentUrl":"https:\/\/municipalitedefranklin.ca\/wp-content\/uploads\/2024\/03\/Creation-sans-titre.png","width":940,"height":788},{"@type":"BreadcrumbList","@id":"https:\/\/municipalitedefranklin.ca\/en\/levee-de-lavis-debullition\/#breadcrumb","itemListElement":[{"@type":"ListItem","position":1,"name":"Accueil","item":"https:\/\/municipalitedefranklin.ca\/en\/homepage\/"},{"@type":"ListItem","position":2,"name":"LEV\u00c9E DE L&#8217;AVIS D&#8217;\u00c9BULLITION"}]},{"@type":"WebSite","@id":"https:\/\/municipalitedefranklin.ca\/#website","url":"https:\/\/municipalitedefranklin.ca\/","name":"Municipalit\u00e9 de Franklin","description":"","publisher":{"@id":"https:\/\/municipalitedefranklin.ca\/#organization"},"potentialAction":[{"@type":"SearchAction","target":{"@type":"EntryPoint","urlTemplate":"https:\/\/municipalitedefranklin.ca\/?s={search_term_string}"},"query-input":{"@type":"PropertyValueSpecification","valueRequired":true,"valueName":"search_term_string"}}],"inLanguage":"en-US"},{"@type":"Organization","@id":"https:\/\/municipalitedefranklin.ca\/#organization","name":"Municipalit\u00e9 de Franklin","url":"https:\/\/municipalitedefranklin.ca\/","logo":{"@type":"ImageObject","inLanguage":"en-US","@id":"https:\/\/municipalitedefranklin.ca\/#\/schema\/logo\/image\/","url":"https:\/\/municipalitedefranklin.ca\/wp-content\/uploads\/2023\/03\/logo-header-franklin.svg","contentUrl":"https:\/\/municipalitedefranklin.ca\/wp-content\/uploads\/2023\/03\/logo-header-franklin.svg","width":186,"height":63,"caption":"Municipalit\u00e9 de Franklin"},"image":{"@id":"https:\/\/municipalitedefranklin.ca\/#\/schema\/logo\/image\/"},"sameAs":["https:\/\/www.facebook.com\/municipalitefranklin"]},{"@type":"Person","@id":"https:\/\/municipalitedefranklin.ca\/#\/schema\/person\/dfcd9b98d1a3f07f8d2ad9143ee96188","name":"Julie Lalonde","image":{"@type":"ImageObject","inLanguage":"en-US","@id":"https:\/\/municipalitedefranklin.ca\/#\/schema\/person\/image\/","url":"https:\/\/secure.gravatar.com\/avatar\/21e6d486338978519fa8ab692eb367b38c2aa51ecaf5a38c2c44fca77569d04b?s=96&d=mm&r=g","contentUrl":"https:\/\/secure.gravatar.com\/avatar\/21e6d486338978519fa8ab692eb367b38c2aa51ecaf5a38c2c44fca77569d04b?s=96&d=mm&r=g","caption":"Julie Lalonde"}}]}},"_links":{"self":[{"href":"https:\/\/municipalitedefranklin.ca\/en\/wp-json\/wp\/v2\/posts\/8030","targetHints":{"allow":["GET"]}}],"collection":[{"href":"https:\/\/municipalitedefranklin.ca\/en\/wp-json\/wp\/v2\/posts"}],"about":[{"href":"https:\/\/municipalitedefranklin.ca\/en\/wp-json\/wp\/v2\/types\/post"}],"author":[{"embeddable":true,"href":"https:\/\/municipalitedefranklin.ca\/en\/wp-json\/wp\/v2\/users\/2"}],"replies":[{"embeddable":true,"href":"https:\/\/municipalitedefranklin.ca\/en\/wp-json\/wp\/v2\/comments?post=8030"}],"version-history":[{"count":1,"href":"https:\/\/municipalitedefranklin.ca\/en\/wp-json\/wp\/v2\/posts\/8030\/revisions"}],"predecessor-version":[{"id":8031,"href":"https:\/\/municipalitedefranklin.ca\/en\/wp-json\/wp\/v2\/posts\/8030\/revisions\/8031"}],"wp:featuredmedia":[{"embeddable":true,"href":"https:\/\/municipalitedefranklin.ca\/en\/wp-json\/wp\/v2\/media\/7109"}],"wp:attachment":[{"href":"https:\/\/municipalitedefranklin.ca\/en\/wp-json\/wp\/v2\/media?parent=8030"}],"wp:term":[{"taxonomy":"category","embeddable":true,"href":"https:\/\/municipalitedefranklin.ca\/en\/wp-json\/wp\/v2\/categories?post=8030"},{"taxonomy":"post_tag","embeddable":true,"href":"https:\/\/municipalitedefranklin.ca\/en\/wp-json\/wp\/v2\/tags?post=8030"}],"curies":[{"name":"wp","href":"https:\/\/api.w.org\/{rel}","templated":true}]}}