{"id":8082,"date":"2023-12-20T14:48:55","date_gmt":"2023-12-20T19:48:55","guid":{"rendered":"https:\/\/municipalitedefranklin.ca\/budget-2024-communique-de-presse\/"},"modified":"2024-07-04T19:55:12","modified_gmt":"2024-07-04T23:55:12","slug":"budget-2024-communique-de-presse","status":"publish","type":"post","link":"https:\/\/municipalitedefranklin.ca\/en\/budget-2024-communique-de-presse\/","title":{"rendered":"Budget 2024 &#8211; COMMUNIQU\u00c9 DE PRESSE &#8211;"},"content":{"rendered":"\t\t<div data-elementor-type=\"wp-post\" data-elementor-id=\"8082\" class=\"elementor elementor-8082 elementor-6638\" data-elementor-settings=\"{&quot;element_pack_global_tooltip_width&quot;:{&quot;unit&quot;:&quot;px&quot;,&quot;size&quot;:&quot;&quot;,&quot;sizes&quot;:[]},&quot;element_pack_global_tooltip_width_laptop&quot;:{&quot;unit&quot;:&quot;px&quot;,&quot;size&quot;:&quot;&quot;,&quot;sizes&quot;:[]},&quot;element_pack_global_tooltip_width_tablet_extra&quot;:{&quot;unit&quot;:&quot;px&quot;,&quot;size&quot;:&quot;&quot;,&quot;sizes&quot;:[]},&quot;element_pack_global_tooltip_width_tablet&quot;:{&quot;unit&quot;:&quot;px&quot;,&quot;size&quot;:&quot;&quot;,&quot;sizes&quot;:[]},&quot;element_pack_global_tooltip_width_mobile&quot;:{&quot;unit&quot;:&quot;px&quot;,&quot;size&quot;:&quot;&quot;,&quot;sizes&quot;:[]},&quot;element_pack_global_tooltip_padding&quot;:{&quot;unit&quot;:&quot;px&quot;,&quot;top&quot;:&quot;&quot;,&quot;right&quot;:&quot;&quot;,&quot;bottom&quot;:&quot;&quot;,&quot;left&quot;:&quot;&quot;,&quot;isLinked&quot;:true},&quot;element_pack_global_tooltip_padding_laptop&quot;:{&quot;unit&quot;:&quot;px&quot;,&quot;top&quot;:&quot;&quot;,&quot;right&quot;:&quot;&quot;,&quot;bottom&quot;:&quot;&quot;,&quot;left&quot;:&quot;&quot;,&quot;isLinked&quot;:true},&quot;element_pack_global_tooltip_padding_tablet_extra&quot;:{&quot;unit&quot;:&quot;px&quot;,&quot;top&quot;:&quot;&quot;,&quot;right&quot;:&quot;&quot;,&quot;bottom&quot;:&quot;&quot;,&quot;left&quot;:&quot;&quot;,&quot;isLinked&quot;:true},&quot;element_pack_global_tooltip_padding_tablet&quot;:{&quot;unit&quot;:&quot;px&quot;,&quot;top&quot;:&quot;&quot;,&quot;right&quot;:&quot;&quot;,&quot;bottom&quot;:&quot;&quot;,&quot;left&quot;:&quot;&quot;,&quot;isLinked&quot;:true},&quot;element_pack_global_tooltip_padding_mobile&quot;:{&quot;unit&quot;:&quot;px&quot;,&quot;top&quot;:&quot;&quot;,&quot;right&quot;:&quot;&quot;,&quot;bottom&quot;:&quot;&quot;,&quot;left&quot;:&quot;&quot;,&quot;isLinked&quot;:true},&quot;element_pack_global_tooltip_border_radius&quot;:{&quot;unit&quot;:&quot;px&quot;,&quot;top&quot;:&quot;&quot;,&quot;right&quot;:&quot;&quot;,&quot;bottom&quot;:&quot;&quot;,&quot;left&quot;:&quot;&quot;,&quot;isLinked&quot;:true},&quot;element_pack_global_tooltip_border_radius_laptop&quot;:{&quot;unit&quot;:&quot;px&quot;,&quot;top&quot;:&quot;&quot;,&quot;right&quot;:&quot;&quot;,&quot;bottom&quot;:&quot;&quot;,&quot;left&quot;:&quot;&quot;,&quot;isLinked&quot;:true},&quot;element_pack_global_tooltip_border_radius_tablet_extra&quot;:{&quot;unit&quot;:&quot;px&quot;,&quot;top&quot;:&quot;&quot;,&quot;right&quot;:&quot;&quot;,&quot;bottom&quot;:&quot;&quot;,&quot;left&quot;:&quot;&quot;,&quot;isLinked&quot;:true},&quot;element_pack_global_tooltip_border_radius_tablet&quot;:{&quot;unit&quot;:&quot;px&quot;,&quot;top&quot;:&quot;&quot;,&quot;right&quot;:&quot;&quot;,&quot;bottom&quot;:&quot;&quot;,&quot;left&quot;:&quot;&quot;,&quot;isLinked&quot;:true},&quot;element_pack_global_tooltip_border_radius_mobile&quot;:{&quot;unit&quot;:&quot;px&quot;,&quot;top&quot;:&quot;&quot;,&quot;right&quot;:&quot;&quot;,&quot;bottom&quot;:&quot;&quot;,&quot;left&quot;:&quot;&quot;,&quot;isLinked&quot;:true}}\" data-elementor-post-type=\"post\">\n\t\t\t\t\t\t<section class=\"ob-is-breaking-bad elementor-section elementor-top-section elementor-element elementor-element-b78e86f elementor-section-boxed elementor-section-height-default elementor-section-height-default\" data-id=\"b78e86f\" data-element_type=\"section\" data-e-type=\"section\" data-settings=\"{&quot;_ob_bbad_use_it&quot;:&quot;yes&quot;,&quot;_ob_bbad_sssic_use&quot;:&quot;no&quot;,&quot;_ob_glider_is_slider&quot;:&quot;no&quot;}\">\n\t\t\t\t\t\t<div class=\"elementor-container elementor-column-gap-default\">\n\t\t\t\t\t<div class=\"elementor-column elementor-col-100 elementor-top-column elementor-element elementor-element-24f69d6\" data-id=\"24f69d6\" data-element_type=\"column\" data-e-type=\"column\" data-settings=\"{&quot;_ob_bbad_is_stalker&quot;:&quot;no&quot;,&quot;_ob_teleporter_use&quot;:false,&quot;_ob_column_hoveranimator&quot;:&quot;no&quot;,&quot;_ob_column_has_pseudo&quot;:&quot;no&quot;}\">\n\t\t\t<div class=\"elementor-widget-wrap elementor-element-populated\">\n\t\t\t\t\t\t<div class=\"elementor-element elementor-element-c3daf2d elementor-widget__width-initial ob-harakiri-inherit ob-has-background-overlay elementor-widget elementor-widget-text-editor\" data-id=\"c3daf2d\" data-element_type=\"widget\" data-e-type=\"widget\" data-settings=\"{&quot;_ob_use_harakiri&quot;:&quot;yes&quot;,&quot;_ob_harakiri_writing_mode&quot;:&quot;inherit&quot;,&quot;_ob_postman_use&quot;:&quot;no&quot;,&quot;_ob_perspektive_use&quot;:&quot;no&quot;,&quot;_ob_poopart_use&quot;:&quot;yes&quot;,&quot;_ob_shadough_use&quot;:&quot;no&quot;,&quot;_ob_allow_hoveranimator&quot;:&quot;no&quot;,&quot;_ob_widget_stalker_use&quot;:&quot;no&quot;}\" data-widget_type=\"text-editor.default\">\n\t\t\t\t<div class=\"elementor-widget-container\">\n\t\t\t\t\t\t\t\t\t<p class=\"MsoNormal\" style=\"margin-bottom: 0cm; text-align: right;\" align=\"right\"><b><span style=\"font-size: 10.0pt; line-height: 107%; mso-bidi-font-family: Calibri; mso-bidi-theme-font: minor-latin;\">&nbsp;<\/span><\/b><\/p>\n<p class=\"MsoNormal\" style=\"margin-bottom: 0cm; text-align: center;\" align=\"center\"><b><span style=\"font-size: 10.0pt; line-height: 107%; mso-bidi-font-family: Calibri; mso-bidi-theme-font: minor-latin;\">UN BUDGET RESPONSABLE \u00c0 FRANKLIN, INCLUANT UNE<br>BAISSE DU TAUX DE TAXATION AU R\u00c9SIDENTIEL<\/span><\/b><\/p>\n<p class=\"MsoNormal\" style=\"margin-bottom: 0cm; text-align: center;\" align=\"center\"><b><span style=\"font-size: 10.0pt; line-height: 107%; mso-bidi-font-family: Calibri; mso-bidi-theme-font: minor-latin;\"><br><\/span><\/b><\/p>\n<p class=\"MsoNormal\" style=\"margin-bottom: 0cm; text-align: justify;\"><b style=\"font-style: inherit; background-color: var(--ast-global-color-5); color: var( --e-global-color-text );\"><span style=\"font-size: 10.0pt; line-height: 107%; mso-bidi-font-family: Calibri; mso-bidi-theme-font: minor-latin;\">Franklin, 19 d\u00e9cembre 2023 \u2013 <\/span><\/b><span style=\"font-style: inherit; font-weight: inherit; background-color: var(--ast-global-color-5); color: var( --e-global-color-text ); font-size: 10pt; line-height: 107%;\">La Municipalit\u00e9 de Franklin a pr\u00e9sent\u00e9 sa planification budg\u00e9taire pour l\u2019exercice financier 2024 lors d\u2019une s\u00e9ance extraordinaire le 19 d\u00e9cembre 2023 tenue au Centre r\u00e9cr\u00e9atif (2555, rue du Parc, Saint-Antoine-Abb\u00e9), devant public. Il s\u2019agit d\u2019un budget responsable et \u00e9quilibr\u00e9, qui tient compte du contexte \u00e9conomique actuel, de m\u00eame que de la capacit\u00e9 de payer des citoyens. Le conseil municipal a donc pris la d\u00e9cision de diminuer plusieurs taux de taxation, notamment au niveau de la client\u00e8le r\u00e9sidentielle et agricole afin de ne pas alourdir le fardeau fiscal des Franklinoises et Franklinois. Soulignons que l\u2019administration a fait appel \u00e0 une firme comptable pour revoir les proc\u00e9d\u00e9s comptables utilis\u00e9s dans le processus de d\u00e9p\u00f4t budg\u00e9taire.<\/span><\/p>\n<p class=\"MsoNormal\" style=\"margin-bottom: 0cm; text-align: justify;\"><span style=\"font-size: 10.0pt; line-height: 107%; mso-bidi-font-family: Calibri; mso-bidi-theme-font: minor-latin;\">&nbsp;<\/span><\/p>\n<p class=\"MsoNormal\" style=\"margin-bottom: 0cm; text-align: justify;\"><b><span style=\"font-size: 10.0pt; line-height: 107%; mso-bidi-font-family: Calibri; mso-bidi-theme-font: minor-latin;\">Un nouveau r\u00f4le d\u2019\u00e9valuation fonci\u00e8re ayant une hausse des valeurs fonci\u00e8res<\/span><\/b><\/p>\n<p class=\"MsoNormal\" style=\"margin-bottom: 0cm; text-align: justify;\"><span style=\"font-size: 10.0pt; line-height: 107%; mso-bidi-font-family: Calibri; mso-bidi-theme-font: minor-latin;\">&nbsp;<\/span><\/p>\n<p class=\"MsoNormal\" style=\"margin-bottom: 0cm; text-align: justify;\"><span style=\"font-size: 10.0pt; line-height: 107%; mso-bidi-font-family: Calibri; mso-bidi-theme-font: minor-latin;\">Un nouveau r\u00f4le d\u2019\u00e9valuation fonci\u00e8re pour l\u2019ann\u00e9e 2024 a \u00e9t\u00e9 d\u00e9pos\u00e9 le 1<sup>er<\/sup> novembre 2023 par la FQM \u2013 \u00c9valuation, qui sont les \u00e9valuateurs agr\u00e9\u00e9s par la MRC du Haut-Saint-Laurent, pour la Municipalit\u00e9 de Franklin. Dans ce nouveau r\u00f4le d\u2019\u00e9valuation fonci\u00e8re, la valeur imposable de toutes les propri\u00e9t\u00e9s de Franklin est pass\u00e9e de 302&nbsp;671&nbsp;700 $ (en 2023) \u00e0 474&nbsp;619&nbsp;900 $ (en 2024). Les \u00e9lus municipaux ont donc tenu compte d\u2019une augmentation de valeur dans le calcul des taux de taxation.<\/span><\/p>\n<p class=\"MsoNormal\" style=\"margin-bottom: 0cm; text-align: justify;\"><b><span style=\"font-size: 10.0pt; line-height: 107%; mso-bidi-font-family: Calibri; mso-bidi-theme-font: minor-latin;\">&nbsp;<\/span><\/b><\/p>\n<p class=\"MsoNormal\" style=\"margin-bottom: 0cm; text-align: justify;\"><b><span style=\"font-size: 10.0pt; line-height: 107%; mso-bidi-font-family: Calibri; mso-bidi-theme-font: minor-latin;\">Diminution du taux de taxation au niveau r\u00e9sidentiel et agricole<\/span><\/b><\/p>\n<p class=\"MsoNormal\" style=\"margin-bottom: 0cm; text-align: justify;\"><span style=\"font-size: 10.0pt; line-height: 107%; mso-bidi-font-family: Calibri; mso-bidi-theme-font: minor-latin;\">&nbsp;<\/span><\/p>\n<p class=\"MsoNormal\" style=\"margin-bottom: 0cm; text-align: justify;\"><span style=\"font-size: 10.0pt; line-height: 107%; mso-bidi-font-family: Calibri; mso-bidi-theme-font: minor-latin;\">Le taux de taxation r\u00e9sidentiel a \u00e9t\u00e9 abaiss\u00e9 de 0,66 $\/ 100 $ d\u2019\u00e9valuation \u00e0 0,48 $\/ 100 $ d\u2019\u00e9valuation, soit une diminution de 18 sous par 100 $\/d\u2019\u00e9valuation. Ce faisant, la valeur d\u2019une propri\u00e9t\u00e9 r\u00e9sidentielle moyenne en 2023 passe de 223&nbsp;071 $ \u00e0 357&nbsp;863 $ en 2024. Cons\u00e9quemment, le compte de taxes pour une propri\u00e9t\u00e9 r\u00e9sidentielle moyenne en 2023 \u00e9tait de 1 472 $ alors que le compte de taxes d\u2019une propri\u00e9t\u00e9 r\u00e9sidentielle moyenne en 2024 sera d\u2019environ 1&nbsp;718 $, soit environ 246 $ de plus en moyenne. Du c\u00f4t\u00e9 agricole, le taux de taxation a \u00e9t\u00e9 abaiss\u00e9 de 0,4663 $\/ 100 $ d\u2019\u00e9valuation \u00e0 0,33 $\/ 100 $ d\u2019\u00e9valuation, soit une diminution de 13 sous par 100 $ d\u2019\u00e9valuation. La valeur d\u2019une propri\u00e9t\u00e9 agricole moyenne en 2023 passe de 489&nbsp;684 $ \u00e0 762&nbsp;188 $ en 2024. Le compte de taxes pour une propri\u00e9t\u00e9 agricole moyenne en 2023 \u00e9tait de 2&nbsp;283 $ alors que le compte de taxes pour une propri\u00e9t\u00e9 agricole moyenne en 2024 sera d\u2019environ 2&nbsp;515 $, soit environ 232 $ de plus en moyenne. <\/span><\/p>\n<p class=\"MsoNormal\" style=\"margin-bottom: 0cm; text-align: justify;\"><b><span style=\"font-size: 10.0pt; line-height: 107%; mso-bidi-font-family: Calibri; mso-bidi-theme-font: minor-latin;\">&nbsp;<\/span><\/b><\/p>\n<p class=\"MsoNormal\" style=\"margin-bottom: 0cm; text-align: justify;\"><b><span style=\"font-size: 10.0pt; line-height: 107%; mso-bidi-font-family: Calibri; mso-bidi-theme-font: minor-latin;\">Cr\u00e9ation d\u2019un \u00c9cocentre<\/span><\/b><\/p>\n<p class=\"MsoNormal\" style=\"margin-bottom: 0cm; text-align: justify;\"><span style=\"font-size: 10pt; font-style: inherit; font-weight: inherit; background-color: var(--ast-global-color-5); color: var( --e-global-color-text );\">Dans le but de r\u00e9duire la quantit\u00e9 de d\u00e9chets&nbsp;<\/span><span style=\"font-size: 10pt; font-style: inherit; font-weight: inherit; background-color: var(--ast-global-color-5); color: var( --e-global-color-text );\">collect\u00e9s sur le territoire, la Municipalit\u00e9 de Franklin a mis en place un&nbsp;<\/span><span style=\"font-size: 10pt; font-style: inherit; font-weight: inherit; background-color: var(--ast-global-color-5); color: var( --e-global-color-text );\">projet pilote durant l\u2019automne 2023. Afin de poursuivre ce plan d\u2019action, nous&nbsp;<\/span><span style=\"font-size: 10pt; font-style: inherit; font-weight: inherit; background-color: var(--ast-global-color-5); color: var( --e-global-color-text );\">pourrons d\u00e9buter la conception d\u2019un \u00e9cocentre gr\u00e2ce \u00e0 une subvention obtenue de&nbsp;<\/span><span style=\"font-size: 10pt; font-style: inherit; font-weight: inherit; background-color: var(--ast-global-color-5); color: var( --e-global-color-text );\">Recyc-Qu\u00e9bec.<\/span><\/p>\n<p class=\"MsoNormal\" style=\"margin-bottom: 0cm; text-align: justify;\"><span style=\"font-size: 10.0pt; line-height: 107%; mso-bidi-font-family: Calibri; mso-bidi-theme-font: minor-latin;\">&nbsp;<\/span><\/p>\n<p class=\"MsoNormal\" style=\"margin-bottom: 0cm; text-align: justify;\"><b><span style=\"font-size: 10.0pt; line-height: 107%; mso-bidi-font-family: Calibri; mso-bidi-theme-font: minor-latin;\">Entretien des routes<\/span><\/b><\/p>\n<p class=\"MsoNormal\" style=\"margin-bottom: 0cm; text-align: justify;\"><b><span style=\"font-size: 10.0pt; line-height: 107%; mso-bidi-font-family: Calibri; mso-bidi-theme-font: minor-latin;\">&nbsp;<\/span><\/b><\/p>\n<p class=\"MsoNormal\" style=\"margin-bottom: 0cm; text-align: justify;\"><span style=\"font-size: 10.0pt; line-height: 107%; mso-bidi-font-family: Calibri; mso-bidi-theme-font: minor-latin;\">Le programme de r\u00e9fection des routes se poursuit, notamment \u00e0 l\u2019aide de diff\u00e9rentes subventions permettant \u00e0 la Municipalit\u00e9 de Franklin de refaire le pavage de routes durant la p\u00e9riode estivale. <\/span><\/p>\n<p class=\"MsoNormal\" style=\"margin-bottom: 0cm; text-align: justify;\"><span style=\"font-size: 10.0pt; line-height: 107%; mso-bidi-font-family: Calibri; mso-bidi-theme-font: minor-latin;\">&nbsp;<\/span><\/p>\n<p class=\"MsoNormal\" style=\"margin-bottom: 0cm; text-align: justify;\"><b><span style=\"font-size: 10.0pt; line-height: 107%; mso-bidi-font-family: Calibri; mso-bidi-theme-font: minor-latin;\">Radars p\u00e9dagogiques en zone scolaire<\/span><\/b><\/p>\n<p class=\"MsoNormal\" style=\"margin-bottom: 0cm; text-align: justify;\"><b><span style=\"font-size: 10.0pt; line-height: 107%; mso-bidi-font-family: Calibri; mso-bidi-theme-font: minor-latin;\">&nbsp;<\/span><\/b><\/p>\n<p class=\"MsoNormal\" style=\"margin-bottom: 0cm; text-align: justify;\"><span style=\"font-size: 10.0pt; line-height: 107%; mso-bidi-font-family: Calibri; mso-bidi-theme-font: minor-latin;\">Afin de s\u2019assurer que nos jeunes \u00e9coliers \u00e9voluent dans un environnement s\u00e9curitaire, nous avons d\u00e9cid\u00e9 de doter les abords des \u00e9coles de radars p\u00e9dagogiques, agissant ainsi sur la pr\u00e9vention et rehaussant la qualit\u00e9 de vie pr\u00e8s de nos \u00e9coles. <\/span><\/p>\n<p class=\"MsoNormal\" style=\"margin-bottom: 0cm; text-align: justify;\"><span style=\"font-size: 10.0pt; line-height: 107%; mso-bidi-font-family: Calibri; mso-bidi-theme-font: minor-latin;\">&nbsp;<\/span><\/p>\n<p class=\"MsoNormal\" style=\"margin-bottom: 0cm; text-align: justify;\"><b><span style=\"font-size: 10.0pt; line-height: 107%; mso-bidi-font-family: Calibri; mso-bidi-theme-font: minor-latin;\">Travaux \u00e0 la maison municipale<\/span><\/b><\/p>\n<p class=\"MsoNormal\" style=\"margin-bottom: 0cm; text-align: justify;\"><b><span style=\"font-size: 10.0pt; line-height: 107%; mso-bidi-font-family: Calibri; mso-bidi-theme-font: minor-latin;\">&nbsp;<\/span><\/b><\/p>\n<p class=\"MsoNormal\" style=\"margin-bottom: 0cm; text-align: justify;\"><span style=\"font-size: 10.0pt; line-height: 107%; mso-bidi-font-family: Calibri; mso-bidi-theme-font: minor-latin;\">Gr\u00e2ce \u00e0 une subvention obtenue aupr\u00e8s du PRACIM, nous allons am\u00e9nager l\u2019int\u00e9rieur de la maison municipale. Il s\u2019agit des locaux qui sont voisins au bureau de poste de Franklin, sur la route 202. Ainsi, des organismes \u00e0 but non-lucratif pourront occuper des espaces de rencontre e de bureau, en plus de la possibilit\u00e9 d\u2019\u00eatre un bureau satellite pour la d\u00e9put\u00e9e provinciale, Mme Carole Mallette.&nbsp; <\/span><\/p>\n<p class=\"MsoNormal\" style=\"margin-bottom: 0cm; text-align: justify;\"><span style=\"font-size: 10.0pt; line-height: 107%; mso-bidi-font-family: Calibri; mso-bidi-theme-font: minor-latin;\">&nbsp;<\/span><\/p>\n<p class=\"MsoNormal\" style=\"margin-bottom: 0cm; text-align: justify;\"><span style=\"font-size: 10.0pt; line-height: 107%; mso-bidi-font-family: Calibri; mso-bidi-theme-font: minor-latin;\">Pour de plus amples d\u00e9tails sur la planification budg\u00e9taire 2024, consultez le site Web au <\/span><a href=\"http:\/\/www.municipalitedefranklin.ca\/\"><span style=\"font-size: 10.0pt; line-height: 107%; mso-bidi-font-family: Calibri; mso-bidi-theme-font: minor-latin;\">www.municipalitedefranklin.ca<\/span><\/a><span style=\"font-size: 10.0pt; line-height: 107%; mso-bidi-font-family: Calibri; mso-bidi-theme-font: minor-latin;\">. <\/span> <\/p>\n<p class=\"MsoNormal\" style=\"margin-bottom: 0cm; text-align: justify;\"><span style=\"font-size: 10.0pt; line-height: 107%; mso-bidi-font-family: Calibri; mso-bidi-theme-font: minor-latin;\">&nbsp;<\/span><\/p>\n<p class=\"MsoNormal\" style=\"margin-bottom: 0cm; text-align: center;\" align=\"center\">\n<\/p>\t\t\t\t\t\t\t\t<\/div>\n\t\t\t\t<\/div>\n\t\t\t\t\t<\/div>\n\t\t<\/div>\n\t\t\t\t\t<\/div>\n\t\t<\/section>\n\t\t\t\t<\/div>\n\t\t","protected":false},"excerpt":{"rendered":"<p>&nbsp; UN BUDGET RESPONSABLE \u00c0 FRANKLIN, INCLUANT UNEBAISSE DU TAUX DE TAXATION AU R\u00c9SIDENTIEL Franklin, 19 d\u00e9cembre 2023 \u2013 La Municipalit\u00e9 de Franklin a pr\u00e9sent\u00e9 sa planification budg\u00e9taire pour l\u2019exercice financier 2024 lors d\u2019une s\u00e9ance extraordinaire le 19 d\u00e9cembre 2023 tenue au Centre r\u00e9cr\u00e9atif (2555, rue du Parc, Saint-Antoine-Abb\u00e9), devant public. Il s\u2019agit d\u2019un budget [&hellip;]<\/p>\n","protected":false},"author":2,"featured_media":0,"comment_status":"closed","ping_status":"open","sticky":false,"template":"","format":"standard","meta":{"site-sidebar-layout":"default","site-content-layout":"","ast-site-content-layout":"default","site-content-style":"default","site-sidebar-style":"default","ast-global-header-display":"","ast-banner-title-visibility":"","ast-main-header-display":"","ast-hfb-above-header-display":"","ast-hfb-below-header-display":"","ast-hfb-mobile-header-display":"","site-post-title":"","ast-breadcrumbs-content":"","ast-featured-img":"","footer-sml-layout":"","theme-transparent-header-meta":"","adv-header-id-meta":"","stick-header-meta":"","header-above-stick-meta":"","header-main-stick-meta":"","header-below-stick-meta":"","astra-migrate-meta-layouts":"default","ast-page-background-enabled":"default","ast-page-background-meta":{"desktop":{"background-color":"var(--ast-global-color-4)","background-image":"","background-repeat":"repeat","background-position":"center center","background-size":"auto","background-attachment":"scroll","background-type":"","background-media":"","overlay-type":"","overlay-color":"","overlay-opacity":"","overlay-gradient":""},"tablet":{"background-color":"","background-image":"","background-repeat":"repeat","background-position":"center center","background-size":"auto","background-attachment":"scroll","background-type":"","background-media":"","overlay-type":"","overlay-color":"","overlay-opacity":"","overlay-gradient":""},"mobile":{"background-color":"","background-image":"","background-repeat":"repeat","background-position":"center center","background-size":"auto","background-attachment":"scroll","background-type":"","background-media":"","overlay-type":"","overlay-color":"","overlay-opacity":"","overlay-gradient":""}},"ast-content-background-meta":{"desktop":{"background-color":"var(--ast-global-color-5)","background-image":"","background-repeat":"repeat","background-position":"center center","background-size":"auto","background-attachment":"scroll","background-type":"","background-media":"","overlay-type":"","overlay-color":"","overlay-opacity":"","overlay-gradient":""},"tablet":{"background-color":"var(--ast-global-color-5)","background-image":"","background-repeat":"repeat","background-position":"center center","background-size":"auto","background-attachment":"scroll","background-type":"","background-media":"","overlay-type":"","overlay-color":"","overlay-opacity":"","overlay-gradient":""},"mobile":{"background-color":"var(--ast-global-color-5)","background-image":"","background-repeat":"repeat","background-position":"center center","background-size":"auto","background-attachment":"scroll","background-type":"","background-media":"","overlay-type":"","overlay-color":"","overlay-opacity":"","overlay-gradient":""}},"footnotes":""},"categories":[66],"tags":[],"class_list":["post-8082","post","type-post","status-publish","format-standard","hentry","category-press-release"],"yoast_head":"<!-- This site is optimized with the Yoast SEO plugin v24.5 - https:\/\/yoast.com\/wordpress\/plugins\/seo\/ -->\n<title>Budget 2024 - COMMUNIQU\u00c9 DE PRESSE - Municipalit\u00e9 de Franklin<\/title>\n<meta name=\"robots\" content=\"index, follow, max-snippet:-1, max-image-preview:large, max-video-preview:-1\" \/>\n<link rel=\"canonical\" href=\"https:\/\/municipalitedefranklin.ca\/en\/budget-2024-communique-de-presse\/\" \/>\n<meta property=\"og:locale\" content=\"en_US\" \/>\n<meta property=\"og:type\" content=\"article\" \/>\n<meta property=\"og:title\" content=\"Budget 2024 - COMMUNIQU\u00c9 DE PRESSE - Municipalit\u00e9 de Franklin\" \/>\n<meta property=\"og:description\" content=\"&nbsp; UN BUDGET RESPONSABLE \u00c0 FRANKLIN, INCLUANT UNEBAISSE DU TAUX DE TAXATION AU R\u00c9SIDENTIEL Franklin, 19 d\u00e9cembre 2023 \u2013 La Municipalit\u00e9 de Franklin a pr\u00e9sent\u00e9 sa planification budg\u00e9taire pour l\u2019exercice financier 2024 lors d\u2019une s\u00e9ance extraordinaire le 19 d\u00e9cembre 2023 tenue au Centre r\u00e9cr\u00e9atif (2555, rue du Parc, Saint-Antoine-Abb\u00e9), devant public. Il s\u2019agit d\u2019un budget [&hellip;]\" \/>\n<meta property=\"og:url\" content=\"https:\/\/municipalitedefranklin.ca\/en\/budget-2024-communique-de-presse\/\" \/>\n<meta property=\"og:site_name\" content=\"Municipalit\u00e9 de Franklin\" \/>\n<meta property=\"article:publisher\" content=\"https:\/\/www.facebook.com\/municipalitefranklin\" \/>\n<meta property=\"article:published_time\" content=\"2023-12-20T19:48:55+00:00\" \/>\n<meta property=\"article:modified_time\" content=\"2024-07-04T23:55:12+00:00\" \/>\n<meta name=\"author\" content=\"Julie Lalonde\" \/>\n<meta name=\"twitter:card\" content=\"summary_large_image\" \/>\n<meta name=\"twitter:label1\" content=\"Written by\" \/>\n\t<meta name=\"twitter:data1\" content=\"Julie Lalonde\" \/>\n\t<meta name=\"twitter:label2\" content=\"Est. reading time\" \/>\n\t<meta name=\"twitter:data2\" content=\"3 minutes\" \/>\n<script type=\"application\/ld+json\" class=\"yoast-schema-graph\">{\"@context\":\"https:\/\/schema.org\",\"@graph\":[{\"@type\":\"Article\",\"@id\":\"https:\/\/municipalitedefranklin.ca\/en\/budget-2024-communique-de-presse\/#article\",\"isPartOf\":{\"@id\":\"https:\/\/municipalitedefranklin.ca\/en\/budget-2024-communique-de-presse\/\"},\"author\":{\"name\":\"Julie Lalonde\",\"@id\":\"https:\/\/municipalitedefranklin.ca\/#\/schema\/person\/dfcd9b98d1a3f07f8d2ad9143ee96188\"},\"headline\":\"Budget 2024 &#8211; COMMUNIQU\u00c9 DE PRESSE &#8211;\",\"datePublished\":\"2023-12-20T19:48:55+00:00\",\"dateModified\":\"2024-07-04T23:55:12+00:00\",\"mainEntityOfPage\":{\"@id\":\"https:\/\/municipalitedefranklin.ca\/en\/budget-2024-communique-de-presse\/\"},\"wordCount\":676,\"publisher\":{\"@id\":\"https:\/\/municipalitedefranklin.ca\/#organization\"},\"articleSection\":[\"Press Release\"],\"inLanguage\":\"en-US\"},{\"@type\":\"WebPage\",\"@id\":\"https:\/\/municipalitedefranklin.ca\/en\/budget-2024-communique-de-presse\/\",\"url\":\"https:\/\/municipalitedefranklin.ca\/en\/budget-2024-communique-de-presse\/\",\"name\":\"Budget 2024 - COMMUNIQU\u00c9 DE PRESSE - Municipalit\u00e9 de Franklin\",\"isPartOf\":{\"@id\":\"https:\/\/municipalitedefranklin.ca\/#website\"},\"datePublished\":\"2023-12-20T19:48:55+00:00\",\"dateModified\":\"2024-07-04T23:55:12+00:00\",\"breadcrumb\":{\"@id\":\"https:\/\/municipalitedefranklin.ca\/en\/budget-2024-communique-de-presse\/#breadcrumb\"},\"inLanguage\":\"en-US\",\"potentialAction\":[{\"@type\":\"ReadAction\",\"target\":[\"https:\/\/municipalitedefranklin.ca\/en\/budget-2024-communique-de-presse\/\"]}]},{\"@type\":\"BreadcrumbList\",\"@id\":\"https:\/\/municipalitedefranklin.ca\/en\/budget-2024-communique-de-presse\/#breadcrumb\",\"itemListElement\":[{\"@type\":\"ListItem\",\"position\":1,\"name\":\"Accueil\",\"item\":\"https:\/\/municipalitedefranklin.ca\/en\/homepage\/\"},{\"@type\":\"ListItem\",\"position\":2,\"name\":\"Budget 2024 &#8211; COMMUNIQU\u00c9 DE PRESSE &#8211;\"}]},{\"@type\":\"WebSite\",\"@id\":\"https:\/\/municipalitedefranklin.ca\/#website\",\"url\":\"https:\/\/municipalitedefranklin.ca\/\",\"name\":\"Municipalit\u00e9 de Franklin\",\"description\":\"\",\"publisher\":{\"@id\":\"https:\/\/municipalitedefranklin.ca\/#organization\"},\"potentialAction\":[{\"@type\":\"SearchAction\",\"target\":{\"@type\":\"EntryPoint\",\"urlTemplate\":\"https:\/\/municipalitedefranklin.ca\/?s={search_term_string}\"},\"query-input\":{\"@type\":\"PropertyValueSpecification\",\"valueRequired\":true,\"valueName\":\"search_term_string\"}}],\"inLanguage\":\"en-US\"},{\"@type\":\"Organization\",\"@id\":\"https:\/\/municipalitedefranklin.ca\/#organization\",\"name\":\"Municipalit\u00e9 de Franklin\",\"url\":\"https:\/\/municipalitedefranklin.ca\/\",\"logo\":{\"@type\":\"ImageObject\",\"inLanguage\":\"en-US\",\"@id\":\"https:\/\/municipalitedefranklin.ca\/#\/schema\/logo\/image\/\",\"url\":\"https:\/\/municipalitedefranklin.ca\/wp-content\/uploads\/2023\/03\/logo-header-franklin.svg\",\"contentUrl\":\"https:\/\/municipalitedefranklin.ca\/wp-content\/uploads\/2023\/03\/logo-header-franklin.svg\",\"width\":186,\"height\":63,\"caption\":\"Municipalit\u00e9 de Franklin\"},\"image\":{\"@id\":\"https:\/\/municipalitedefranklin.ca\/#\/schema\/logo\/image\/\"},\"sameAs\":[\"https:\/\/www.facebook.com\/municipalitefranklin\"]},{\"@type\":\"Person\",\"@id\":\"https:\/\/municipalitedefranklin.ca\/#\/schema\/person\/dfcd9b98d1a3f07f8d2ad9143ee96188\",\"name\":\"Julie Lalonde\",\"image\":{\"@type\":\"ImageObject\",\"inLanguage\":\"en-US\",\"@id\":\"https:\/\/municipalitedefranklin.ca\/#\/schema\/person\/image\/\",\"url\":\"https:\/\/secure.gravatar.com\/avatar\/21e6d486338978519fa8ab692eb367b38c2aa51ecaf5a38c2c44fca77569d04b?s=96&d=mm&r=g\",\"contentUrl\":\"https:\/\/secure.gravatar.com\/avatar\/21e6d486338978519fa8ab692eb367b38c2aa51ecaf5a38c2c44fca77569d04b?s=96&d=mm&r=g\",\"caption\":\"Julie Lalonde\"}}]}<\/script>\n<!-- \/ Yoast SEO plugin. -->","yoast_head_json":{"title":"Budget 2024 - COMMUNIQU\u00c9 DE PRESSE - Municipalit\u00e9 de Franklin","robots":{"index":"index","follow":"follow","max-snippet":"max-snippet:-1","max-image-preview":"max-image-preview:large","max-video-preview":"max-video-preview:-1"},"canonical":"https:\/\/municipalitedefranklin.ca\/en\/budget-2024-communique-de-presse\/","og_locale":"en_US","og_type":"article","og_title":"Budget 2024 - COMMUNIQU\u00c9 DE PRESSE - Municipalit\u00e9 de Franklin","og_description":"&nbsp; UN BUDGET RESPONSABLE \u00c0 FRANKLIN, INCLUANT UNEBAISSE DU TAUX DE TAXATION AU R\u00c9SIDENTIEL Franklin, 19 d\u00e9cembre 2023 \u2013 La Municipalit\u00e9 de Franklin a pr\u00e9sent\u00e9 sa planification budg\u00e9taire pour l\u2019exercice financier 2024 lors d\u2019une s\u00e9ance extraordinaire le 19 d\u00e9cembre 2023 tenue au Centre r\u00e9cr\u00e9atif (2555, rue du Parc, Saint-Antoine-Abb\u00e9), devant public. Il s\u2019agit d\u2019un budget [&hellip;]","og_url":"https:\/\/municipalitedefranklin.ca\/en\/budget-2024-communique-de-presse\/","og_site_name":"Municipalit\u00e9 de Franklin","article_publisher":"https:\/\/www.facebook.com\/municipalitefranklin","article_published_time":"2023-12-20T19:48:55+00:00","article_modified_time":"2024-07-04T23:55:12+00:00","author":"Julie Lalonde","twitter_card":"summary_large_image","twitter_misc":{"Written by":"Julie Lalonde","Est. reading time":"3 minutes"},"schema":{"@context":"https:\/\/schema.org","@graph":[{"@type":"Article","@id":"https:\/\/municipalitedefranklin.ca\/en\/budget-2024-communique-de-presse\/#article","isPartOf":{"@id":"https:\/\/municipalitedefranklin.ca\/en\/budget-2024-communique-de-presse\/"},"author":{"name":"Julie Lalonde","@id":"https:\/\/municipalitedefranklin.ca\/#\/schema\/person\/dfcd9b98d1a3f07f8d2ad9143ee96188"},"headline":"Budget 2024 &#8211; COMMUNIQU\u00c9 DE PRESSE &#8211;","datePublished":"2023-12-20T19:48:55+00:00","dateModified":"2024-07-04T23:55:12+00:00","mainEntityOfPage":{"@id":"https:\/\/municipalitedefranklin.ca\/en\/budget-2024-communique-de-presse\/"},"wordCount":676,"publisher":{"@id":"https:\/\/municipalitedefranklin.ca\/#organization"},"articleSection":["Press Release"],"inLanguage":"en-US"},{"@type":"WebPage","@id":"https:\/\/municipalitedefranklin.ca\/en\/budget-2024-communique-de-presse\/","url":"https:\/\/municipalitedefranklin.ca\/en\/budget-2024-communique-de-presse\/","name":"Budget 2024 - COMMUNIQU\u00c9 DE PRESSE - Municipalit\u00e9 de Franklin","isPartOf":{"@id":"https:\/\/municipalitedefranklin.ca\/#website"},"datePublished":"2023-12-20T19:48:55+00:00","dateModified":"2024-07-04T23:55:12+00:00","breadcrumb":{"@id":"https:\/\/municipalitedefranklin.ca\/en\/budget-2024-communique-de-presse\/#breadcrumb"},"inLanguage":"en-US","potentialAction":[{"@type":"ReadAction","target":["https:\/\/municipalitedefranklin.ca\/en\/budget-2024-communique-de-presse\/"]}]},{"@type":"BreadcrumbList","@id":"https:\/\/municipalitedefranklin.ca\/en\/budget-2024-communique-de-presse\/#breadcrumb","itemListElement":[{"@type":"ListItem","position":1,"name":"Accueil","item":"https:\/\/municipalitedefranklin.ca\/en\/homepage\/"},{"@type":"ListItem","position":2,"name":"Budget 2024 &#8211; COMMUNIQU\u00c9 DE PRESSE &#8211;"}]},{"@type":"WebSite","@id":"https:\/\/municipalitedefranklin.ca\/#website","url":"https:\/\/municipalitedefranklin.ca\/","name":"Municipalit\u00e9 de Franklin","description":"","publisher":{"@id":"https:\/\/municipalitedefranklin.ca\/#organization"},"potentialAction":[{"@type":"SearchAction","target":{"@type":"EntryPoint","urlTemplate":"https:\/\/municipalitedefranklin.ca\/?s={search_term_string}"},"query-input":{"@type":"PropertyValueSpecification","valueRequired":true,"valueName":"search_term_string"}}],"inLanguage":"en-US"},{"@type":"Organization","@id":"https:\/\/municipalitedefranklin.ca\/#organization","name":"Municipalit\u00e9 de Franklin","url":"https:\/\/municipalitedefranklin.ca\/","logo":{"@type":"ImageObject","inLanguage":"en-US","@id":"https:\/\/municipalitedefranklin.ca\/#\/schema\/logo\/image\/","url":"https:\/\/municipalitedefranklin.ca\/wp-content\/uploads\/2023\/03\/logo-header-franklin.svg","contentUrl":"https:\/\/municipalitedefranklin.ca\/wp-content\/uploads\/2023\/03\/logo-header-franklin.svg","width":186,"height":63,"caption":"Municipalit\u00e9 de Franklin"},"image":{"@id":"https:\/\/municipalitedefranklin.ca\/#\/schema\/logo\/image\/"},"sameAs":["https:\/\/www.facebook.com\/municipalitefranklin"]},{"@type":"Person","@id":"https:\/\/municipalitedefranklin.ca\/#\/schema\/person\/dfcd9b98d1a3f07f8d2ad9143ee96188","name":"Julie Lalonde","image":{"@type":"ImageObject","inLanguage":"en-US","@id":"https:\/\/municipalitedefranklin.ca\/#\/schema\/person\/image\/","url":"https:\/\/secure.gravatar.com\/avatar\/21e6d486338978519fa8ab692eb367b38c2aa51ecaf5a38c2c44fca77569d04b?s=96&d=mm&r=g","contentUrl":"https:\/\/secure.gravatar.com\/avatar\/21e6d486338978519fa8ab692eb367b38c2aa51ecaf5a38c2c44fca77569d04b?s=96&d=mm&r=g","caption":"Julie Lalonde"}}]}},"_links":{"self":[{"href":"https:\/\/municipalitedefranklin.ca\/en\/wp-json\/wp\/v2\/posts\/8082","targetHints":{"allow":["GET"]}}],"collection":[{"href":"https:\/\/municipalitedefranklin.ca\/en\/wp-json\/wp\/v2\/posts"}],"about":[{"href":"https:\/\/municipalitedefranklin.ca\/en\/wp-json\/wp\/v2\/types\/post"}],"author":[{"embeddable":true,"href":"https:\/\/municipalitedefranklin.ca\/en\/wp-json\/wp\/v2\/users\/2"}],"replies":[{"embeddable":true,"href":"https:\/\/municipalitedefranklin.ca\/en\/wp-json\/wp\/v2\/comments?post=8082"}],"version-history":[{"count":1,"href":"https:\/\/municipalitedefranklin.ca\/en\/wp-json\/wp\/v2\/posts\/8082\/revisions"}],"predecessor-version":[{"id":8083,"href":"https:\/\/municipalitedefranklin.ca\/en\/wp-json\/wp\/v2\/posts\/8082\/revisions\/8083"}],"wp:attachment":[{"href":"https:\/\/municipalitedefranklin.ca\/en\/wp-json\/wp\/v2\/media?parent=8082"}],"wp:term":[{"taxonomy":"category","embeddable":true,"href":"https:\/\/municipalitedefranklin.ca\/en\/wp-json\/wp\/v2\/categories?post=8082"},{"taxonomy":"post_tag","embeddable":true,"href":"https:\/\/municipalitedefranklin.ca\/en\/wp-json\/wp\/v2\/tags?post=8082"}],"curies":[{"name":"wp","href":"https:\/\/api.w.org\/{rel}","templated":true}]}}